{"id":25169,"date":"2024-09-13T13:14:36","date_gmt":"2024-09-13T11:14:36","guid":{"rendered":"https:\/\/indologia.uwr.edu.pl\/?p=25169"},"modified":"2024-09-13T13:19:43","modified_gmt":"2024-09-13T11:19:43","slug":"spotkanie-premiera-republiki-indii-narendry-modiego-z-grupa-polskich-indologow","status":"publish","type":"post","link":"https:\/\/indologia.uwr.edu.pl\/en\/2024\/09\/13\/spotkanie-premiera-republiki-indii-narendry-modiego-z-grupa-polskich-indologow\/","title":{"rendered":"Spotkanie premiera Republiki Indii, Narendry Modiego, z grup\u0105 polskich indolog\u00f3w"},"content":{"rendered":"\n<p>W ramach wizyty w Polsce JE premiera Republiki Indii Narendry Modiego, 22 sierpnia br. w Warszawie mia\u0142o miejsce spotkanie premiera rz\u0105du indyjskiego z grup\u0105 polskich indolog\u00f3w reprezentuj\u0105cych cztery o\u015brodki akademickie (UW, UJ, UAM i UWr.), w kt\u00f3rych prowadzone s\u0105 studia indologiczne. W spotkaniu tym Uniwersytet Wroc\u0142awski reprezentowany by\u0142 przez dra hab. Przemys\u0142awa Szczurka, prof. UWr., z Zak\u0142adu Filologii Indyjskiej (w Instytucie Studi\u00f3w Klasycznych, \u015ar\u00f3dziemnomorskich i Orientalnych). <\/p>\n\n\n\n<figure class=\"wp-block-image aligncenter size-large\"><img loading=\"lazy\" decoding=\"async\" width=\"1024\" height=\"703\" src=\"https:\/\/indologia.uwr.edu.pl\/wp-content\/uploads\/sites\/582\/2024\/09\/Zdjecie-1-1024x703.jpg\" alt=\"Spotkanie grupy polskich indolog\u00f3w z JE Premierem Republiki Indii Narendr\u0105 Modim (22.08.2024)\" class=\"wp-image-25157\" srcset=\"https:\/\/indologia.uwr.edu.pl\/wp-content\/uploads\/sites\/582\/2024\/09\/Zdjecie-1-1024x703.jpg 1024w, https:\/\/indologia.uwr.edu.pl\/wp-content\/uploads\/sites\/582\/2024\/09\/Zdjecie-1-300x206.jpg 300w, https:\/\/indologia.uwr.edu.pl\/wp-content\/uploads\/sites\/582\/2024\/09\/Zdjecie-1-768x527.jpg 768w, https:\/\/indologia.uwr.edu.pl\/wp-content\/uploads\/sites\/582\/2024\/09\/Zdjecie-1-1536x1054.jpg 1536w, https:\/\/indologia.uwr.edu.pl\/wp-content\/uploads\/sites\/582\/2024\/09\/Zdjecie-1-1320x906.jpg 1320w, https:\/\/indologia.uwr.edu.pl\/wp-content\/uploads\/sites\/582\/2024\/09\/Zdjecie-1-24x16.jpg 24w, https:\/\/indologia.uwr.edu.pl\/wp-content\/uploads\/sites\/582\/2024\/09\/Zdjecie-1-36x25.jpg 36w, https:\/\/indologia.uwr.edu.pl\/wp-content\/uploads\/sites\/582\/2024\/09\/Zdjecie-1-48x33.jpg 48w, https:\/\/indologia.uwr.edu.pl\/wp-content\/uploads\/sites\/582\/2024\/09\/Zdjecie-1.jpg 1562w\" sizes=\"auto, (max-width: 1024px) 100vw, 1024px\" \/><figcaption class=\"wp-element-caption\">Od lewej: dr hab. Monika Browarczyk, prof. UAM; prof. dr hab. Maria Krzysztof Byrski, emerytowany profesor UW; premier Republiki Indii Narendra Modi; prof. dr hab. Danuta Stasik, UW; dr hab. Halina Marlewicz, prof. UJ; dr hab. Przemys\u0142aw Szczurek, prof. UWr.<\/figcaption><\/figure>\n\n\n\n<p>Inicjatorem spotkania by\u0142 sam premier Indii, kt\u00f3ry z podziwem i zadowoleniem wypowiedzia\u0142 si\u0119 o edukacji indologicznej w Polsce, akademickim zainteresowaniu Indiami, aktywno\u015bci badaczy i student\u00f3w, i r\u00f3\u017cnorodno\u015bci tematycznej w ramach studi\u00f3w nad j\u0119zykami, histori\u0105, kultur\u0105 i sztuk\u0105 Azji Po\u0142udniowej. Podczas rozmowy z premierem ka\u017cdy z uczestnik\u00f3w mia\u0142 okazj\u0119 opowiedzie\u0107 o swojej plac\u00f3wce naukowo-dydaktycznej i profilu kszta\u0142cenia indologicznego, a tak\u017ce o perspektywach badawczych i organizacyjnych studi\u00f3w indologicznych w Polsce. Uczestnicy wyrazili tak\u017ce swoje refleksje nad mo\u017cliwo\u015bciami wzmocnienia zwi\u0105zk\u00f3w naukowych i kulturalnych pomi\u0119dzy oboma naszymi krajami.<\/p>\n\n\n\n<figure class=\"wp-block-image aligncenter size-large\"><img loading=\"lazy\" decoding=\"async\" width=\"1024\" height=\"640\" src=\"https:\/\/indologia.uwr.edu.pl\/wp-content\/uploads\/sites\/582\/2024\/09\/Zdjecie-2-1024x640.jpg\" alt=\"Spotkanie grupy polskich indolog\u00f3w z JE Premierem Republiki Indii Narendr\u0105 Modim (22.08.2024)\" class=\"wp-image-25151\" srcset=\"https:\/\/indologia.uwr.edu.pl\/wp-content\/uploads\/sites\/582\/2024\/09\/Zdjecie-2-1024x640.jpg 1024w, https:\/\/indologia.uwr.edu.pl\/wp-content\/uploads\/sites\/582\/2024\/09\/Zdjecie-2-300x187.jpg 300w, https:\/\/indologia.uwr.edu.pl\/wp-content\/uploads\/sites\/582\/2024\/09\/Zdjecie-2-768x480.jpg 768w, https:\/\/indologia.uwr.edu.pl\/wp-content\/uploads\/sites\/582\/2024\/09\/Zdjecie-2-1536x960.jpg 1536w, https:\/\/indologia.uwr.edu.pl\/wp-content\/uploads\/sites\/582\/2024\/09\/Zdjecie-2-1320x825.jpg 1320w, https:\/\/indologia.uwr.edu.pl\/wp-content\/uploads\/sites\/582\/2024\/09\/Zdjecie-2-24x15.jpg 24w, https:\/\/indologia.uwr.edu.pl\/wp-content\/uploads\/sites\/582\/2024\/09\/Zdjecie-2-36x22.jpg 36w, https:\/\/indologia.uwr.edu.pl\/wp-content\/uploads\/sites\/582\/2024\/09\/Zdjecie-2-48x30.jpg 48w, https:\/\/indologia.uwr.edu.pl\/wp-content\/uploads\/sites\/582\/2024\/09\/Zdjecie-2.jpg 1709w\" sizes=\"auto, (max-width: 1024px) 100vw, 1024px\" \/><\/figure>\n\n\n\n<p><\/p>\n\n\n\n<p>Premier Modi, propagator filozofii i praktyki jogi, wyrazi\u0142 zadowolenie z faktu, \u017ce na Uniwersytecie Wroc\u0142awskim od kilku lat dzia\u0142aj\u0105 Podyplomowe Studia Jogi Klasycznej, w kt\u00f3rej praktyki jogi klasycznej oparte s\u0105 o podstawy teoretyczne z zakresu historii, filozofii i terminologii jogi. Podczas spotkania Przemys\u0142aw Szczurek ofiarowa\u0142 premierowi ksi\u0105\u017ck\u0119, kt\u00f3ra ukaza\u0142a si\u0119 z okazji 75-lecia studi\u00f3w indologicznych w powojennym Wroc\u0142awiu (zatytu\u0142owan\u0105 Indian Panorama in Wroc\u0142aw).<\/p>\n","protected":false},"excerpt":{"rendered":"<p>W ramach wizyty w Polsce JE premiera Republiki Indii Narendry Modiego, 22 sierpnia br. w Warszawie mia\u0142o miejsce spotkanie premiera rz\u0105du indyjskiego z grup\u0105 polskich indolog\u00f3w reprezentuj\u0105cych cztery o\u015brodki akademickie (UW, UJ, UAM i UWr.), w kt\u00f3rych prowadzone s\u0105 studia indologiczne. W spotkaniu tym Uniwersytet Wroc\u0142awski reprezentowany by\u0142 przez dra hab. Przemys\u0142awa Szczurka, prof. UWr., [&hellip;]<\/p>\n","protected":false},"author":6723,"featured_media":25160,"comment_status":"closed","ping_status":"closed","sticky":false,"template":"","format":"standard","meta":{"_acf_changed":false,"inline_featured_image":false,"site-sidebar-layout":"default","site-content-layout":"","ast-site-content-layout":"default","site-content-style":"default","site-sidebar-style":"default","ast-global-header-display":"","ast-banner-title-visibility":"","ast-main-header-display":"","ast-hfb-above-header-display":"","ast-hfb-below-header-display":"","ast-hfb-mobile-header-display":"","site-post-title":"","ast-breadcrumbs-content":"","ast-featured-img":"","footer-sml-layout":"","ast-disable-related-posts":"","theme-transparent-header-meta":"","adv-header-id-meta":"","stick-header-meta":"","header-above-stick-meta":"","header-main-stick-meta":"","header-below-stick-meta":"","astra-migrate-meta-layouts":"set","ast-page-background-enabled":"default","ast-page-background-meta":{"desktop":{"background-color":"","background-image":"","background-repeat":"repeat","background-position":"center center","background-size":"auto","background-attachment":"scroll","background-type":"","background-media":"","overlay-type":"","overlay-color":"","overlay-opacity":"","overlay-gradient":""},"tablet":{"background-color":"","background-image":"","background-repeat":"repeat","background-position":"center center","background-size":"auto","background-attachment":"scroll","background-type":"","background-media":"","overlay-type":"","overlay-color":"","overlay-opacity":"","overlay-gradient":""},"mobile":{"background-color":"","background-image":"","background-repeat":"repeat","background-position":"center center","background-size":"auto","background-attachment":"scroll","background-type":"","background-media":"","overlay-type":"","overlay-color":"","overlay-opacity":"","overlay-gradient":""}},"ast-content-background-meta":{"desktop":{"background-color":"var(--ast-global-color-5)","background-image":"","background-repeat":"repeat","background-position":"center center","background-size":"auto","background-attachment":"scroll","background-type":"","background-media":"","overlay-type":"","overlay-color":"","overlay-opacity":"","overlay-gradient":""},"tablet":{"background-color":"var(--ast-global-color-5)","background-image":"","background-repeat":"repeat","background-position":"center center","background-size":"auto","background-attachment":"scroll","background-type":"","background-media":"","overlay-type":"","overlay-color":"","overlay-opacity":"","overlay-gradient":""},"mobile":{"background-color":"var(--ast-global-color-5)","background-image":"","background-repeat":"repeat","background-position":"center center","background-size":"auto","background-attachment":"scroll","background-type":"","background-media":"","overlay-type":"","overlay-color":"","overlay-opacity":"","overlay-gradient":""}},"footnotes":""},"categories":[242],"tags":[245,248],"class_list":["post-25169","post","type-post","status-publish","format-standard","has-post-thumbnail","hentry","category-aktualnosci-en","tag-premier-indii-en","tag-wroclawska-indologia-en"],"featured_image_urls_v2":{"full":["https:\/\/indologia.uwr.edu.pl\/wp-content\/uploads\/sites\/582\/2024\/09\/Zdjecie-1.jpg",1562,1072,false],"thumbnail":["https:\/\/indologia.uwr.edu.pl\/wp-content\/uploads\/sites\/582\/2024\/09\/Zdjecie-1-150x150.jpg",150,150,true],"medium":["https:\/\/indologia.uwr.edu.pl\/wp-content\/uploads\/sites\/582\/2024\/09\/Zdjecie-1-300x206.jpg",300,206,true],"medium_large":["https:\/\/indologia.uwr.edu.pl\/wp-content\/uploads\/sites\/582\/2024\/09\/Zdjecie-1-768x527.jpg",768,527,true],"large":["https:\/\/indologia.uwr.edu.pl\/wp-content\/uploads\/sites\/582\/2024\/09\/Zdjecie-1-1024x703.jpg",1024,703,true],"1536x1536":["https:\/\/indologia.uwr.edu.pl\/wp-content\/uploads\/sites\/582\/2024\/09\/Zdjecie-1-1536x1054.jpg",1536,1054,true],"2048x2048":["https:\/\/indologia.uwr.edu.pl\/wp-content\/uploads\/sites\/582\/2024\/09\/Zdjecie-1.jpg",1562,1072,false],"menu-24x24":["https:\/\/indologia.uwr.edu.pl\/wp-content\/uploads\/sites\/582\/2024\/09\/Zdjecie-1-24x16.jpg",24,16,true],"menu-36x36":["https:\/\/indologia.uwr.edu.pl\/wp-content\/uploads\/sites\/582\/2024\/09\/Zdjecie-1-36x25.jpg",36,25,true],"menu-48x48":["https:\/\/indologia.uwr.edu.pl\/wp-content\/uploads\/sites\/582\/2024\/09\/Zdjecie-1-48x33.jpg",48,33,true]},"post_excerpt_stackable_v2":"<p>W ramach wizyty w Polsce JE premiera Republiki Indii Narendry Modiego, 22 sierpnia br. w Warszawie mia\u0142o miejsce spotkanie premiera rz\u0105du indyjskiego z grup\u0105 polskich indolog\u00f3w reprezentuj\u0105cych cztery o\u015brodki akademickie (UW, UJ, UAM i UWr.), w kt\u00f3rych prowadzone s\u0105 studia indologiczne. W spotkaniu tym Uniwersytet Wroc\u0142awski reprezentowany by\u0142 przez dra hab. Przemys\u0142awa Szczurka, prof. UWr., z Zak\u0142adu Filologii Indyjskiej (w Instytucie Studi\u00f3w Klasycznych, \u015ar\u00f3dziemnomorskich i Orientalnych). Od lewej: dr hab. Monika Browarczyk, prof. UAM; prof. dr hab. Maria Krzysztof Byrski, emerytowany profesor UW; premier Republiki Indii Narendra Modi; prof. dr hab. Danuta Stasik, UW; dr hab. Halina Marlewicz, prof. UJ;&hellip;<\/p>\n","category_list_v2":"<a href=\"https:\/\/indologia.uwr.edu.pl\/en\/category\/aktualnosci-en\/\" rel=\"category tag\">Aktualno\u015bci<\/a>","author_info_v2":{"name":"mmonkiewicz","url":"https:\/\/indologia.uwr.edu.pl\/en\/author\/mmonkiewicz\/"},"comments_num_v2":"0 comments","acf":[],"yoast_head":"<!-- This site is optimized with the Yoast SEO plugin v27.1.1 - https:\/\/yoast.com\/product\/yoast-seo-wordpress\/ -->\n<title>Spotkanie premiera Republiki Indii, Narendry Modiego, z grup\u0105 polskich indolog\u00f3w - Testowa Witryna<\/title>\n<meta name=\"robots\" content=\"index, follow, max-snippet:-1, max-image-preview:large, max-video-preview:-1\" \/>\n<link rel=\"canonical\" href=\"https:\/\/indologia.uwr.edu.pl\/en\/2024\/09\/13\/spotkanie-premiera-republiki-indii-narendry-modiego-z-grupa-polskich-indologow\/\" \/>\n<meta property=\"og:locale\" content=\"en_US\" \/>\n<meta property=\"og:type\" content=\"article\" \/>\n<meta property=\"og:title\" content=\"Spotkanie premiera Republiki Indii, Narendry Modiego, z grup\u0105 polskich indolog\u00f3w - Testowa Witryna\" \/>\n<meta property=\"og:description\" content=\"W ramach wizyty w Polsce JE premiera Republiki Indii Narendry Modiego, 22 sierpnia br. w Warszawie mia\u0142o miejsce spotkanie premiera rz\u0105du indyjskiego z grup\u0105 polskich indolog\u00f3w reprezentuj\u0105cych cztery o\u015brodki akademickie (UW, UJ, UAM i UWr.), w kt\u00f3rych prowadzone s\u0105 studia indologiczne. W spotkaniu tym Uniwersytet Wroc\u0142awski reprezentowany by\u0142 przez dra hab. Przemys\u0142awa Szczurka, prof. UWr., [&hellip;]\" \/>\n<meta property=\"og:url\" content=\"https:\/\/indologia.uwr.edu.pl\/en\/2024\/09\/13\/spotkanie-premiera-republiki-indii-narendry-modiego-z-grupa-polskich-indologow\/\" \/>\n<meta property=\"og:site_name\" content=\"Testowa Witryna\" \/>\n<meta property=\"article:publisher\" content=\"https:\/\/www.facebook.com\/p\/Zakad-Filologii-Indyjskiej-UWr-100055157387493\/?_rdr\" \/>\n<meta property=\"article:published_time\" content=\"2024-09-13T11:14:36+00:00\" \/>\n<meta property=\"article:modified_time\" content=\"2024-09-13T11:19:43+00:00\" \/>\n<meta property=\"og:image\" content=\"https:\/\/indologia.uwr.edu.pl\/wp-content\/uploads\/sites\/582\/2024\/09\/Zdjecie-1.jpg\" \/>\n\t<meta property=\"og:image:width\" content=\"1562\" \/>\n\t<meta property=\"og:image:height\" content=\"1072\" \/>\n\t<meta property=\"og:image:type\" content=\"image\/jpeg\" \/>\n<meta name=\"author\" content=\"mmonkiewicz\" \/>\n<meta name=\"twitter:card\" content=\"summary_large_image\" \/>\n<meta name=\"twitter:label1\" content=\"Written by\" \/>\n\t<meta name=\"twitter:data1\" content=\"mmonkiewicz\" \/>\n\t<meta name=\"twitter:label2\" content=\"Est. reading time\" \/>\n\t<meta name=\"twitter:data2\" content=\"3 minutes\" \/>\n<script type=\"application\/ld+json\" class=\"yoast-schema-graph\">{\"@context\":\"https:\/\/schema.org\",\"@graph\":[{\"@type\":\"Article\",\"@id\":\"https:\/\/indologia.uwr.edu.pl\/en\/2024\/09\/13\/spotkanie-premiera-republiki-indii-narendry-modiego-z-grupa-polskich-indologow\/#article\",\"isPartOf\":{\"@id\":\"https:\/\/indologia.uwr.edu.pl\/en\/2024\/09\/13\/spotkanie-premiera-republiki-indii-narendry-modiego-z-grupa-polskich-indologow\/\"},\"author\":{\"name\":\"mmonkiewicz\",\"@id\":\"https:\/\/indologia.uwr.edu.pl\/#\/schema\/person\/92d9553c5d754fa7ad83c72963df66ae\"},\"headline\":\"Spotkanie premiera Republiki Indii, Narendry Modiego, z grup\u0105 polskich indolog\u00f3w\",\"datePublished\":\"2024-09-13T11:14:36+00:00\",\"dateModified\":\"2024-09-13T11:19:43+00:00\",\"mainEntityOfPage\":{\"@id\":\"https:\/\/indologia.uwr.edu.pl\/en\/2024\/09\/13\/spotkanie-premiera-republiki-indii-narendry-modiego-z-grupa-polskich-indologow\/\"},\"wordCount\":306,\"publisher\":{\"@id\":\"https:\/\/indologia.uwr.edu.pl\/#organization\"},\"image\":{\"@id\":\"https:\/\/indologia.uwr.edu.pl\/en\/2024\/09\/13\/spotkanie-premiera-republiki-indii-narendry-modiego-z-grupa-polskich-indologow\/#primaryimage\"},\"thumbnailUrl\":\"https:\/\/indologia.uwr.edu.pl\/wp-content\/uploads\/sites\/582\/2024\/09\/Zdjecie-1.jpg\",\"keywords\":[\"premier Indii\",\"wroc\u0142awska indologia\"],\"articleSection\":[\"Aktualno\u015bci\"],\"inLanguage\":\"en-US\"},{\"@type\":\"WebPage\",\"@id\":\"https:\/\/indologia.uwr.edu.pl\/en\/2024\/09\/13\/spotkanie-premiera-republiki-indii-narendry-modiego-z-grupa-polskich-indologow\/\",\"url\":\"https:\/\/indologia.uwr.edu.pl\/en\/2024\/09\/13\/spotkanie-premiera-republiki-indii-narendry-modiego-z-grupa-polskich-indologow\/\",\"name\":\"Spotkanie premiera Republiki Indii, Narendry Modiego, z grup\u0105 polskich indolog\u00f3w - Testowa Witryna\",\"isPartOf\":{\"@id\":\"https:\/\/indologia.uwr.edu.pl\/#website\"},\"primaryImageOfPage\":{\"@id\":\"https:\/\/indologia.uwr.edu.pl\/en\/2024\/09\/13\/spotkanie-premiera-republiki-indii-narendry-modiego-z-grupa-polskich-indologow\/#primaryimage\"},\"image\":{\"@id\":\"https:\/\/indologia.uwr.edu.pl\/en\/2024\/09\/13\/spotkanie-premiera-republiki-indii-narendry-modiego-z-grupa-polskich-indologow\/#primaryimage\"},\"thumbnailUrl\":\"https:\/\/indologia.uwr.edu.pl\/wp-content\/uploads\/sites\/582\/2024\/09\/Zdjecie-1.jpg\",\"datePublished\":\"2024-09-13T11:14:36+00:00\",\"dateModified\":\"2024-09-13T11:19:43+00:00\",\"breadcrumb\":{\"@id\":\"https:\/\/indologia.uwr.edu.pl\/en\/2024\/09\/13\/spotkanie-premiera-republiki-indii-narendry-modiego-z-grupa-polskich-indologow\/#breadcrumb\"},\"inLanguage\":\"en-US\",\"potentialAction\":[{\"@type\":\"ReadAction\",\"target\":[\"https:\/\/indologia.uwr.edu.pl\/en\/2024\/09\/13\/spotkanie-premiera-republiki-indii-narendry-modiego-z-grupa-polskich-indologow\/\"]}]},{\"@type\":\"ImageObject\",\"inLanguage\":\"en-US\",\"@id\":\"https:\/\/indologia.uwr.edu.pl\/en\/2024\/09\/13\/spotkanie-premiera-republiki-indii-narendry-modiego-z-grupa-polskich-indologow\/#primaryimage\",\"url\":\"https:\/\/indologia.uwr.edu.pl\/wp-content\/uploads\/sites\/582\/2024\/09\/Zdjecie-1.jpg\",\"contentUrl\":\"https:\/\/indologia.uwr.edu.pl\/wp-content\/uploads\/sites\/582\/2024\/09\/Zdjecie-1.jpg\",\"width\":1562,\"height\":1072,\"caption\":\"Od lewej: dr hab. Monika Browarczyk, prof. UAM; prof. dr hab. Maria Krzysztof Byrski, emerytowany profesor UW; premier Republiki Indii Narendra Modi; prof. dr hab. Danuta Stasik, UW; dr hab. Halina Marlewicz, prof. UJ; dr hab. Przemys\u0142aw Szczurek, prof. UWr.\"},{\"@type\":\"BreadcrumbList\",\"@id\":\"https:\/\/indologia.uwr.edu.pl\/en\/2024\/09\/13\/spotkanie-premiera-republiki-indii-narendry-modiego-z-grupa-polskich-indologow\/#breadcrumb\",\"itemListElement\":[{\"@type\":\"ListItem\",\"position\":1,\"name\":\"Strona g\u0142\u00f3wna\",\"item\":\"https:\/\/indologia.uwr.edu.pl\/en\/\"},{\"@type\":\"ListItem\",\"position\":2,\"name\":\"Spotkanie premiera Republiki Indii, Narendry Modiego, z grup\u0105 polskich indolog\u00f3w\"}]},{\"@type\":\"WebSite\",\"@id\":\"https:\/\/indologia.uwr.edu.pl\/#website\",\"url\":\"https:\/\/indologia.uwr.edu.pl\/\",\"name\":\"Zak\u0142ad Filologii Indyjskiej\",\"description\":\"Kolejna witryna sieci \u201eUWR Witryny\u201d\",\"publisher\":{\"@id\":\"https:\/\/indologia.uwr.edu.pl\/#organization\"},\"potentialAction\":[{\"@type\":\"SearchAction\",\"target\":{\"@type\":\"EntryPoint\",\"urlTemplate\":\"https:\/\/indologia.uwr.edu.pl\/?s={search_term_string}\"},\"query-input\":{\"@type\":\"PropertyValueSpecification\",\"valueRequired\":true,\"valueName\":\"search_term_string\"}}],\"inLanguage\":\"en-US\"},{\"@type\":\"Organization\",\"@id\":\"https:\/\/indologia.uwr.edu.pl\/#organization\",\"name\":\"Zak\u0142ad Filologii Indyjskiej\",\"url\":\"https:\/\/indologia.uwr.edu.pl\/\",\"logo\":{\"@type\":\"ImageObject\",\"inLanguage\":\"en-US\",\"@id\":\"https:\/\/indologia.uwr.edu.pl\/#\/schema\/logo\/image\/\",\"url\":\"https:\/\/indologia.uwr.edu.pl\/wp-content\/uploads\/sites\/582\/2025\/10\/UWr-logotyp-2025.png\",\"contentUrl\":\"https:\/\/indologia.uwr.edu.pl\/wp-content\/uploads\/sites\/582\/2025\/10\/UWr-logotyp-2025.png\",\"width\":764,\"height\":269,\"caption\":\"Zak\u0142ad Filologii Indyjskiej\"},\"image\":{\"@id\":\"https:\/\/indologia.uwr.edu.pl\/#\/schema\/logo\/image\/\"},\"sameAs\":[\"https:\/\/www.facebook.com\/p\/Zakad-Filologii-Indyjskiej-UWr-100055157387493\/?_rdr\"]},{\"@type\":\"Person\",\"@id\":\"https:\/\/indologia.uwr.edu.pl\/#\/schema\/person\/92d9553c5d754fa7ad83c72963df66ae\",\"name\":\"mmonkiewicz\",\"image\":{\"@type\":\"ImageObject\",\"inLanguage\":\"en-US\",\"@id\":\"https:\/\/indologia.uwr.edu.pl\/#\/schema\/person\/image\/\",\"url\":\"https:\/\/secure.gravatar.com\/avatar\/9d4e9893fb6575ffa50b55609fcfa98e88276cf357e0c63ed2cb68409cfd1033?s=96&d=blank&r=g\",\"contentUrl\":\"https:\/\/secure.gravatar.com\/avatar\/9d4e9893fb6575ffa50b55609fcfa98e88276cf357e0c63ed2cb68409cfd1033?s=96&d=blank&r=g\",\"caption\":\"mmonkiewicz\"},\"url\":\"https:\/\/indologia.uwr.edu.pl\/en\/author\/mmonkiewicz\/\"}]}<\/script>\n<!-- \/ Yoast SEO plugin. -->","yoast_head_json":{"title":"Spotkanie premiera Republiki Indii, Narendry Modiego, z grup\u0105 polskich indolog\u00f3w - Testowa Witryna","robots":{"index":"index","follow":"follow","max-snippet":"max-snippet:-1","max-image-preview":"max-image-preview:large","max-video-preview":"max-video-preview:-1"},"canonical":"https:\/\/indologia.uwr.edu.pl\/en\/2024\/09\/13\/spotkanie-premiera-republiki-indii-narendry-modiego-z-grupa-polskich-indologow\/","og_locale":"en_US","og_type":"article","og_title":"Spotkanie premiera Republiki Indii, Narendry Modiego, z grup\u0105 polskich indolog\u00f3w - Testowa Witryna","og_description":"W ramach wizyty w Polsce JE premiera Republiki Indii Narendry Modiego, 22 sierpnia br. w Warszawie mia\u0142o miejsce spotkanie premiera rz\u0105du indyjskiego z grup\u0105 polskich indolog\u00f3w reprezentuj\u0105cych cztery o\u015brodki akademickie (UW, UJ, UAM i UWr.), w kt\u00f3rych prowadzone s\u0105 studia indologiczne. W spotkaniu tym Uniwersytet Wroc\u0142awski reprezentowany by\u0142 przez dra hab. Przemys\u0142awa Szczurka, prof. UWr., [&hellip;]","og_url":"https:\/\/indologia.uwr.edu.pl\/en\/2024\/09\/13\/spotkanie-premiera-republiki-indii-narendry-modiego-z-grupa-polskich-indologow\/","og_site_name":"Testowa Witryna","article_publisher":"https:\/\/www.facebook.com\/p\/Zakad-Filologii-Indyjskiej-UWr-100055157387493\/?_rdr","article_published_time":"2024-09-13T11:14:36+00:00","article_modified_time":"2024-09-13T11:19:43+00:00","og_image":[{"width":1562,"height":1072,"url":"https:\/\/indologia.uwr.edu.pl\/wp-content\/uploads\/sites\/582\/2024\/09\/Zdjecie-1.jpg","type":"image\/jpeg"}],"author":"mmonkiewicz","twitter_card":"summary_large_image","twitter_misc":{"Written by":"mmonkiewicz","Est. reading time":"3 minutes"},"schema":{"@context":"https:\/\/schema.org","@graph":[{"@type":"Article","@id":"https:\/\/indologia.uwr.edu.pl\/en\/2024\/09\/13\/spotkanie-premiera-republiki-indii-narendry-modiego-z-grupa-polskich-indologow\/#article","isPartOf":{"@id":"https:\/\/indologia.uwr.edu.pl\/en\/2024\/09\/13\/spotkanie-premiera-republiki-indii-narendry-modiego-z-grupa-polskich-indologow\/"},"author":{"name":"mmonkiewicz","@id":"https:\/\/indologia.uwr.edu.pl\/#\/schema\/person\/92d9553c5d754fa7ad83c72963df66ae"},"headline":"Spotkanie premiera Republiki Indii, Narendry Modiego, z grup\u0105 polskich indolog\u00f3w","datePublished":"2024-09-13T11:14:36+00:00","dateModified":"2024-09-13T11:19:43+00:00","mainEntityOfPage":{"@id":"https:\/\/indologia.uwr.edu.pl\/en\/2024\/09\/13\/spotkanie-premiera-republiki-indii-narendry-modiego-z-grupa-polskich-indologow\/"},"wordCount":306,"publisher":{"@id":"https:\/\/indologia.uwr.edu.pl\/#organization"},"image":{"@id":"https:\/\/indologia.uwr.edu.pl\/en\/2024\/09\/13\/spotkanie-premiera-republiki-indii-narendry-modiego-z-grupa-polskich-indologow\/#primaryimage"},"thumbnailUrl":"https:\/\/indologia.uwr.edu.pl\/wp-content\/uploads\/sites\/582\/2024\/09\/Zdjecie-1.jpg","keywords":["premier Indii","wroc\u0142awska indologia"],"articleSection":["Aktualno\u015bci"],"inLanguage":"en-US"},{"@type":"WebPage","@id":"https:\/\/indologia.uwr.edu.pl\/en\/2024\/09\/13\/spotkanie-premiera-republiki-indii-narendry-modiego-z-grupa-polskich-indologow\/","url":"https:\/\/indologia.uwr.edu.pl\/en\/2024\/09\/13\/spotkanie-premiera-republiki-indii-narendry-modiego-z-grupa-polskich-indologow\/","name":"Spotkanie premiera Republiki Indii, Narendry Modiego, z grup\u0105 polskich indolog\u00f3w - Testowa Witryna","isPartOf":{"@id":"https:\/\/indologia.uwr.edu.pl\/#website"},"primaryImageOfPage":{"@id":"https:\/\/indologia.uwr.edu.pl\/en\/2024\/09\/13\/spotkanie-premiera-republiki-indii-narendry-modiego-z-grupa-polskich-indologow\/#primaryimage"},"image":{"@id":"https:\/\/indologia.uwr.edu.pl\/en\/2024\/09\/13\/spotkanie-premiera-republiki-indii-narendry-modiego-z-grupa-polskich-indologow\/#primaryimage"},"thumbnailUrl":"https:\/\/indologia.uwr.edu.pl\/wp-content\/uploads\/sites\/582\/2024\/09\/Zdjecie-1.jpg","datePublished":"2024-09-13T11:14:36+00:00","dateModified":"2024-09-13T11:19:43+00:00","breadcrumb":{"@id":"https:\/\/indologia.uwr.edu.pl\/en\/2024\/09\/13\/spotkanie-premiera-republiki-indii-narendry-modiego-z-grupa-polskich-indologow\/#breadcrumb"},"inLanguage":"en-US","potentialAction":[{"@type":"ReadAction","target":["https:\/\/indologia.uwr.edu.pl\/en\/2024\/09\/13\/spotkanie-premiera-republiki-indii-narendry-modiego-z-grupa-polskich-indologow\/"]}]},{"@type":"ImageObject","inLanguage":"en-US","@id":"https:\/\/indologia.uwr.edu.pl\/en\/2024\/09\/13\/spotkanie-premiera-republiki-indii-narendry-modiego-z-grupa-polskich-indologow\/#primaryimage","url":"https:\/\/indologia.uwr.edu.pl\/wp-content\/uploads\/sites\/582\/2024\/09\/Zdjecie-1.jpg","contentUrl":"https:\/\/indologia.uwr.edu.pl\/wp-content\/uploads\/sites\/582\/2024\/09\/Zdjecie-1.jpg","width":1562,"height":1072,"caption":"Od lewej: dr hab. Monika Browarczyk, prof. UAM; prof. dr hab. Maria Krzysztof Byrski, emerytowany profesor UW; premier Republiki Indii Narendra Modi; prof. dr hab. Danuta Stasik, UW; dr hab. Halina Marlewicz, prof. UJ; dr hab. Przemys\u0142aw Szczurek, prof. UWr."},{"@type":"BreadcrumbList","@id":"https:\/\/indologia.uwr.edu.pl\/en\/2024\/09\/13\/spotkanie-premiera-republiki-indii-narendry-modiego-z-grupa-polskich-indologow\/#breadcrumb","itemListElement":[{"@type":"ListItem","position":1,"name":"Strona g\u0142\u00f3wna","item":"https:\/\/indologia.uwr.edu.pl\/en\/"},{"@type":"ListItem","position":2,"name":"Spotkanie premiera Republiki Indii, Narendry Modiego, z grup\u0105 polskich indolog\u00f3w"}]},{"@type":"WebSite","@id":"https:\/\/indologia.uwr.edu.pl\/#website","url":"https:\/\/indologia.uwr.edu.pl\/","name":"Zak\u0142ad Filologii Indyjskiej","description":"Kolejna witryna sieci \u201eUWR Witryny\u201d","publisher":{"@id":"https:\/\/indologia.uwr.edu.pl\/#organization"},"potentialAction":[{"@type":"SearchAction","target":{"@type":"EntryPoint","urlTemplate":"https:\/\/indologia.uwr.edu.pl\/?s={search_term_string}"},"query-input":{"@type":"PropertyValueSpecification","valueRequired":true,"valueName":"search_term_string"}}],"inLanguage":"en-US"},{"@type":"Organization","@id":"https:\/\/indologia.uwr.edu.pl\/#organization","name":"Zak\u0142ad Filologii Indyjskiej","url":"https:\/\/indologia.uwr.edu.pl\/","logo":{"@type":"ImageObject","inLanguage":"en-US","@id":"https:\/\/indologia.uwr.edu.pl\/#\/schema\/logo\/image\/","url":"https:\/\/indologia.uwr.edu.pl\/wp-content\/uploads\/sites\/582\/2025\/10\/UWr-logotyp-2025.png","contentUrl":"https:\/\/indologia.uwr.edu.pl\/wp-content\/uploads\/sites\/582\/2025\/10\/UWr-logotyp-2025.png","width":764,"height":269,"caption":"Zak\u0142ad Filologii Indyjskiej"},"image":{"@id":"https:\/\/indologia.uwr.edu.pl\/#\/schema\/logo\/image\/"},"sameAs":["https:\/\/www.facebook.com\/p\/Zakad-Filologii-Indyjskiej-UWr-100055157387493\/?_rdr"]},{"@type":"Person","@id":"https:\/\/indologia.uwr.edu.pl\/#\/schema\/person\/92d9553c5d754fa7ad83c72963df66ae","name":"mmonkiewicz","image":{"@type":"ImageObject","inLanguage":"en-US","@id":"https:\/\/indologia.uwr.edu.pl\/#\/schema\/person\/image\/","url":"https:\/\/secure.gravatar.com\/avatar\/9d4e9893fb6575ffa50b55609fcfa98e88276cf357e0c63ed2cb68409cfd1033?s=96&d=blank&r=g","contentUrl":"https:\/\/secure.gravatar.com\/avatar\/9d4e9893fb6575ffa50b55609fcfa98e88276cf357e0c63ed2cb68409cfd1033?s=96&d=blank&r=g","caption":"mmonkiewicz"},"url":"https:\/\/indologia.uwr.edu.pl\/en\/author\/mmonkiewicz\/"}]}},"publishpress_future_action":{"enabled":false,"date":"2026-05-07 15:26:23","action":"change-status","newStatus":"draft","terms":[],"taxonomy":"category","extraData":[]},"publishpress_future_workflow_manual_trigger":{"enabledWorkflows":[]},"_links":{"self":[{"href":"https:\/\/indologia.uwr.edu.pl\/en\/wp-json\/wp\/v2\/posts\/25169\/"}],"collection":[{"href":"https:\/\/indologia.uwr.edu.pl\/en\/wp-json\/wp\/v2\/posts\/"}],"about":[{"href":"https:\/\/indologia.uwr.edu.pl\/en\/wp-json\/wp\/v2\/types\/post\/"}],"author":[{"embeddable":true,"href":"https:\/\/indologia.uwr.edu.pl\/en\/wp-json\/wp\/v2\/users\/6723\/"}],"replies":[{"embeddable":true,"href":"https:\/\/indologia.uwr.edu.pl\/en\/wp-json\/wp\/v2\/comments\/?post=25169"}],"version-history":[{"count":1,"href":"https:\/\/indologia.uwr.edu.pl\/en\/wp-json\/wp\/v2\/posts\/25169\/revisions\/"}],"predecessor-version":[{"id":25172,"href":"https:\/\/indologia.uwr.edu.pl\/en\/wp-json\/wp\/v2\/posts\/25169\/revisions\/25172\/"}],"wp:featuredmedia":[{"embeddable":true,"href":"https:\/\/indologia.uwr.edu.pl\/en\/wp-json\/wp\/v2\/media\/25160\/"}],"wp:attachment":[{"href":"https:\/\/indologia.uwr.edu.pl\/en\/wp-json\/wp\/v2\/media\/?parent=25169"}],"wp:term":[{"taxonomy":"category","embeddable":true,"href":"https:\/\/indologia.uwr.edu.pl\/en\/wp-json\/wp\/v2\/categories\/?post=25169"},{"taxonomy":"post_tag","embeddable":true,"href":"https:\/\/indologia.uwr.edu.pl\/en\/wp-json\/wp\/v2\/tags\/?post=25169"}],"curies":[{"name":"wp","href":"https:\/\/api.w.org\/{rel}","templated":true}]}}